{"id":5550,"date":"2026-04-28T20:50:11","date_gmt":"2026-04-28T20:50:11","guid":{"rendered":"https:\/\/www.companyhero.com\/blog\/?p=5550"},"modified":"2026-04-28T20:50:14","modified_gmt":"2026-04-28T20:50:14","slug":"faixa-etaria-plano-de-saude","status":"publish","type":"post","link":"https:\/\/www.companyhero.com\/blog\/faixa-etaria-plano-de-saude","title":{"rendered":"Faixa et\u00e1ria no plano de sa\u00fade: como ela impacta pre\u00e7o e cobertura"},"content":{"rendered":"\n<div id=\"ez-toc-container\" class=\"ez-toc-v2_0_78 counter-hierarchy ez-toc-counter ez-toc-grey ez-toc-container-direction\">\n<div class=\"ez-toc-title-container\">\n<p class=\"ez-toc-title\" style=\"cursor:inherit\">T\u00f3picos:<\/p>\n<span class=\"ez-toc-title-toggle\"><a href=\"#\" class=\"ez-toc-pull-right ez-toc-btn ez-toc-btn-xs ez-toc-btn-default ez-toc-toggle\" aria-label=\"Alternar tabela de conte\u00fado\"><span class=\"ez-toc-js-icon-con\"><span class=\"\"><span class=\"eztoc-hide\" style=\"display:none;\">Toggle<\/span><span class=\"ez-toc-icon-toggle-span\"><svg style=\"fill: #999;color:#999\" xmlns=\"http:\/\/www.w3.org\/2000\/svg\" class=\"list-377408\" width=\"20px\" height=\"20px\" viewBox=\"0 0 24 24\" fill=\"none\"><path d=\"M6 6H4v2h2V6zm14 0H8v2h12V6zM4 11h2v2H4v-2zm16 0H8v2h12v-2zM4 16h2v2H4v-2zm16 0H8v2h12v-2z\" fill=\"currentColor\"><\/path><\/svg><svg style=\"fill: #999;color:#999\" class=\"arrow-unsorted-368013\" xmlns=\"http:\/\/www.w3.org\/2000\/svg\" width=\"10px\" height=\"10px\" viewBox=\"0 0 24 24\" version=\"1.2\" baseProfile=\"tiny\"><path d=\"M18.2 9.3l-6.2-6.3-6.2 6.3c-.2.2-.3.4-.3.7s.1.5.3.7c.2.2.4.3.7.3h11c.3 0 .5-.1.7-.3.2-.2.3-.5.3-.7s-.1-.5-.3-.7zM5.8 14.7l6.2 6.3 6.2-6.3c.2-.2.3-.5.3-.7s-.1-.5-.3-.7c-.2-.2-.4-.3-.7-.3h-11c-.3 0-.5.1-.7.3-.2.2-.3.5-.3.7s.1.5.3.7z\"\/><\/svg><\/span><\/span><\/span><\/a><\/span><\/div>\n<nav><ul class='ez-toc-list ez-toc-list-level-1 ' ><li class='ez-toc-page-1 ez-toc-heading-level-2'><a class=\"ez-toc-link ez-toc-heading-1\" href=\"https:\/\/www.companyhero.com\/blog\/faixa-etaria-plano-de-saude\/#Ao_contratar_um_convenio_medico_um_dos_fatores_que_mais_influenciam_o_valor_da_mensalidade_e_a_idade_do_beneficiario_Esse_criterio_conhecido_como_faixa_etaria_plano_de_saude_pode_gerar_duvidas_principalmente_sobre_aumentos_de_preco_ao_longo_do_tempo_e_possiveis_impactos_na_cobertura\" >Ao contratar um conv\u00eanio m\u00e9dico, um dos fatores que mais influenciam o valor da mensalidade \u00e9 a idade do benefici\u00e1rio. Esse crit\u00e9rio, conhecido como faixa et\u00e1ria plano de sa\u00fade, pode gerar d\u00favidas, principalmente sobre aumentos de pre\u00e7o ao longo do tempo e poss\u00edveis impactos na cobertura.&nbsp;<\/a><ul class='ez-toc-list-level-3' ><li class='ez-toc-heading-level-3'><a class=\"ez-toc-link ez-toc-heading-2\" href=\"https:\/\/www.companyhero.com\/blog\/faixa-etaria-plano-de-saude\/#O_que_e_faixa_etaria_no_plano_de_saude\" >O que \u00e9 faixa et\u00e1ria no plano de sa\u00fade<\/a><\/li><li class='ez-toc-page-1 ez-toc-heading-level-3'><a class=\"ez-toc-link ez-toc-heading-3\" href=\"https:\/\/www.companyhero.com\/blog\/faixa-etaria-plano-de-saude\/#Como_funcionam_as_faixas_etarias_nos_planos_de_saude\" >Como funcionam as faixas et\u00e1rias nos planos de sa\u00fade<\/a><\/li><li class='ez-toc-page-1 ez-toc-heading-level-3'><a class=\"ez-toc-link ez-toc-heading-4\" href=\"https:\/\/www.companyhero.com\/blog\/faixa-etaria-plano-de-saude\/#O_que_diz_a_ANS_sobre_reajuste_por_faixa_etaria\" >O que diz a ANS sobre reajuste por faixa et\u00e1ria<\/a><\/li><li class='ez-toc-page-1 ez-toc-heading-level-3'><a class=\"ez-toc-link ez-toc-heading-5\" href=\"https:\/\/www.companyhero.com\/blog\/faixa-etaria-plano-de-saude\/#Por_que_o_preco_do_plano_aumenta_com_a_idade\" >Por que o pre\u00e7o do plano aumenta com a idade<\/a><\/li><li class='ez-toc-page-1 ez-toc-heading-level-3'><a class=\"ez-toc-link ez-toc-heading-6\" href=\"https:\/\/www.companyhero.com\/blog\/faixa-etaria-plano-de-saude\/#Plano_de_saude_empresarial_pode_ser_mais_vantajoso\" >Plano de sa\u00fade empresarial pode ser mais vantajoso<\/a><\/li><li class='ez-toc-page-1 ez-toc-heading-level-3'><a class=\"ez-toc-link ez-toc-heading-7\" href=\"https:\/\/www.companyhero.com\/blog\/faixa-etaria-plano-de-saude\/#Por_que_oferecer_Plano_de_Saude_PJ_e_uma_vantagem_para_empresas\" >Por que oferecer Plano de Sa\u00fade PJ \u00e9 uma vantagem para empresas<\/a><\/li><\/ul><\/li><\/ul><\/nav><\/div>\n<h2 class=\"wp-block-heading\"><span class=\"ez-toc-section\" id=\"Ao_contratar_um_convenio_medico_um_dos_fatores_que_mais_influenciam_o_valor_da_mensalidade_e_a_idade_do_beneficiario_Esse_criterio_conhecido_como_faixa_etaria_plano_de_saude_pode_gerar_duvidas_principalmente_sobre_aumentos_de_preco_ao_longo_do_tempo_e_possiveis_impactos_na_cobertura\"><\/span>Ao contratar um conv\u00eanio m\u00e9dico, um dos fatores que mais influenciam o valor da mensalidade \u00e9 a idade do benefici\u00e1rio. Esse crit\u00e9rio, conhecido como faixa et\u00e1ria plano de sa\u00fade, pode gerar d\u00favidas, principalmente sobre aumentos de pre\u00e7o ao longo do tempo e poss\u00edveis impactos na cobertura.&nbsp;<span class=\"ez-toc-section-end\"><\/span><\/h2>\n\n\n\n<p>Ter acesso \u00e0 assist\u00eancia m\u00e9dica de qualidade \u00e9 fundamental em qualquer fase da vida. Nesse contexto, entender como a <strong>faixa et\u00e1ria <a href=\"https:\/\/www.companyhero.com\/blog\/plano-de-saude\">plano de sa\u00fade<\/a> <\/strong>impacta custos e condi\u00e7\u00f5es \u00e9 um passo importante para planejar com mais seguran\u00e7a e clareza.<\/p>\n\n\n\n<p>Compreender esse mecanismo \u00e9 essencial tanto para pessoas f\u00edsicas quanto para empresas, especialmente aquelas que desejam oferecer o <a href=\"https:\/\/www.companyhero.com\/blog\/beneficios-plano-de-saude-empresarial\">benef\u00edcio aos colaboradores<\/a> de forma estrat\u00e9gica e sustent\u00e1vel.&nbsp;<\/p>\n\n\n\n<p>Quer saber como a idade influencia na contrata\u00e7\u00e3o? Continue a leitura e confira!<\/p>\n\n\n\n<h3 class=\"wp-block-heading\"><span class=\"ez-toc-section\" id=\"O_que_e_faixa_etaria_no_plano_de_saude\"><\/span>O que \u00e9 faixa et\u00e1ria no plano de sa\u00fade<span class=\"ez-toc-section-end\"><\/span><\/h3>\n\n\n\n<p>Faixa et\u00e1ria \u00e9 uma divis\u00e3o por idade utilizada pelas operadoras de sa\u00fade para definir o valor do plano. Cada grupo et\u00e1rio tem um pre\u00e7o espec\u00edfico, que tende a aumentar conforme o benefici\u00e1rio envelhece.<\/p>\n\n\n\n<p>Isso acontece porque, estatisticamente, pessoas mais velhas utilizam mais servi\u00e7os m\u00e9dicos, o que eleva o custo para as operadoras.<\/p>\n\n\n\n<h3 class=\"wp-block-heading\"><span class=\"ez-toc-section\" id=\"Como_funcionam_as_faixas_etarias_nos_planos_de_saude\"><\/span>Como funcionam as faixas et\u00e1rias nos planos de sa\u00fade<span class=\"ez-toc-section-end\"><\/span><\/h3>\n\n\n\n<p>As operadoras organizam seus planos com base em grupos de idade previamente definidos. \u00c0 medida que o benefici\u00e1rio muda de faixa et\u00e1ria, o valor da mensalidade pode ser reajustado.<\/p>\n\n\n\n<p>Embora existam padr\u00f5es no mercado, cada operadora pode adotar varia\u00e7\u00f5es nos intervalos de idade, valores e crit\u00e9rios de reajuste, conforme o tipo de plano e contrato.<\/p>\n\n\n\n<p>Um exemplo t\u00edpico de divis\u00e3o inclui:<\/p>\n\n\n\n<ul class=\"wp-block-list\">\n<li>0 a 18 anos<\/li>\n\n\n\n<li>19 a 23 anos<\/li>\n\n\n\n<li>24 a 28 anos<\/li>\n\n\n\n<li>29 a 33 anos<\/li>\n\n\n\n<li>34 a 38 anos<\/li>\n\n\n\n<li>39 a 43 anos<\/li>\n\n\n\n<li>44 a 48 anos<\/li>\n\n\n\n<li>49 a 53 anos<\/li>\n\n\n\n<li>54 a 58 anos<\/li>\n\n\n\n<li>59 anos ou mais<\/li>\n<\/ul>\n\n\n\n<p>Cada mudan\u00e7a de faixa pode gerar um reajuste, sendo que os aumentos mais significativos costumam ocorrer nas \u00faltimas faixas.<\/p>\n\n\n\n<p>\u00c0 medida que o benefici\u00e1rio muda de faixa et\u00e1ria, o valor da mensalidade pode ser reajustado \u2014 mas a forma como esse reajuste \u00e9 aplicado pode variar entre operadoras e tipos de plano.<\/p>\n\n\n\n<p>Vale destacar que esses reajustes por idade s\u00e3o diferentes dos reajustes anuais, que ocorrem para recompor custos gerais do plano.<\/p>\n\n\n\n<h3 class=\"wp-block-heading\"><span class=\"ez-toc-section\" id=\"O_que_diz_a_ANS_sobre_reajuste_por_faixa_etaria\"><\/span>O que diz a ANS sobre reajuste por faixa et\u00e1ria<span class=\"ez-toc-section-end\"><\/span><\/h3>\n\n\n\n<p>No Brasil, os reajustes por faixa et\u00e1ria s\u00e3o <a href=\"https:\/\/www.companyhero.com\/blog\/regras-ans-plano-de-saude-empresarial\">regulamentados pela Ag\u00eancia Nacional de Sa\u00fade Suplementar (ANS)<\/a>, que estabelece regras para proteger o consumidor.<\/p>\n\n\n\n<p>Entre os principais pontos:<\/p>\n\n\n\n<ul class=\"wp-block-list\">\n<li>O n\u00famero de faixas et\u00e1rias \u00e9 limitado<\/li>\n\n\n\n<li>O valor da \u00faltima faixa n\u00e3o pode ser superior a seis vezes o valor da primeira<\/li>\n\n\n\n<li>N\u00e3o pode haver reajuste por mudan\u00e7a de faixa et\u00e1ria ap\u00f3s os 60 anos, desde que o benefici\u00e1rio esteja no plano h\u00e1 pelo menos 10 anos<\/li>\n<\/ul>\n\n\n\n<h3 class=\"wp-block-heading\"><span class=\"ez-toc-section\" id=\"Por_que_o_preco_do_plano_aumenta_com_a_idade\"><\/span>Por que o pre\u00e7o do plano aumenta com a idade<span class=\"ez-toc-section-end\"><\/span><\/h3>\n\n\n\n<p>O aumento \u00e9 simples de entender: quanto maior a idade, maior a probabilidade de utiliza\u00e7\u00e3o dos servi\u00e7os de sa\u00fade.<\/p>\n\n\n\n<p>Consultas mais frequentes, exames de maior complexidade e tratamentos cont\u00ednuos elevam o custo assistencial. Para equilibrar esse cen\u00e1rio, as operadoras ajustam os pre\u00e7os conforme o risco de uso.<\/p>\n\n\n\n<h3 class=\"wp-block-heading\"><span class=\"ez-toc-section\" id=\"Plano_de_saude_empresarial_pode_ser_mais_vantajoso\"><\/span>Plano de sa\u00fade empresarial pode ser mais vantajoso<span class=\"ez-toc-section-end\"><\/span><\/h3>\n\n\n\n<p>Nesse contexto, o <a href=\"https:\/\/www.companyhero.com\/blog\/plano-de-saude-empresarial-pj\">plano de sa\u00fade empresarial<\/a> surge como uma alternativa interessante, tanto para empresas quanto para profissionais.<\/p>\n\n\n\n<p>Isso porque os planos coletivos costumam diluir melhor os riscos entre os benefici\u00e1rios, o que pode resultar em mensalidades mais acess\u00edveis quando comparadas aos planos individuais.<\/p>\n\n\n\n<p>Al\u00e9m disso, muitas operadoras oferecem condi\u00e7\u00f5es comerciais mais atrativas para contratos empresariais, como redes credenciadas mais amplas e maior flexibilidade de negocia\u00e7\u00e3o.<\/p>\n\n\n\n<p>Outro ponto relevante \u00e9 que, em planos empresariais, os reajustes nem sempre seguem exatamente a mesma l\u00f3gica dos planos individuais, o que pode gerar economia no m\u00e9dio e longo prazo.<\/p>\n\n\n\n<h3 class=\"wp-block-heading\"><span class=\"ez-toc-section\" id=\"Por_que_oferecer_Plano_de_Saude_PJ_e_uma_vantagem_para_empresas\"><\/span>Por que oferecer Plano de Sa\u00fade PJ \u00e9 uma vantagem para empresas<span class=\"ez-toc-section-end\"><\/span><\/h3>\n\n\n\n<p>Para as empresas, oferecer um plano de sa\u00fade vai muito al\u00e9m de um benef\u00edcio b\u00e1sico. Trata-se de uma estrat\u00e9gia importante de atra\u00e7\u00e3o, reten\u00e7\u00e3o e engajamento de talentos.<\/p>\n\n\n\n<p>Entre os principais benef\u00edcios:<\/p>\n\n\n\n<ul class=\"wp-block-list\">\n<li><strong>Valoriza\u00e7\u00e3o do colaborador:<\/strong> o plano de sa\u00fade \u00e9 um dos benef\u00edcios mais desejados no mercado;<\/li>\n\n\n\n<li><strong><a href=\"https:\/\/www.companyhero.com\/blog\/como-diminuir-turnover-empresa\">Redu\u00e7\u00e3o do turnover<\/a>:<\/strong> colaboradores tendem a permanecer mais tempo em empresas que oferecem seguran\u00e7a e cuidado;<\/li>\n\n\n\n<li><strong>Aumento da produtividade:<\/strong> acesso \u00e0 sa\u00fade de qualidade contribui para menos afastamentos e mais bem-estar;<\/li>\n\n\n\n<li><strong>Vantagem competitiva:<\/strong> empresas que oferecem benef\u00edcios robustos se destacam no mercado.<\/li>\n<\/ul>\n\n\n\n<p>Al\u00e9m disso, dependendo do regime tribut\u00e1rio, o investimento em plano de sa\u00fade empresarial pode gerar vantagens fiscais, tornando a decis\u00e3o ainda mais estrat\u00e9gica do ponto de vista financeiro.<\/p>\n\n\n\n<p>Ent\u00e3o, entendeu como a <strong>faixa et\u00e1ria plano de sa\u00fade<\/strong> influencia na contrata\u00e7\u00e3o de um conv\u00eanio empresarial que fa\u00e7a sentido? Olhar esse benef\u00edcio de forma estrat\u00e9gica pode gerar ganhos reais para o seu empreendimento.<\/p>\n\n\n\n<p>E a Company Hero pode te ajudar nessa decis\u00e3o! Com planos de sa\u00fade PJ flex\u00edveis, \u00f3timo custo-benef\u00edcio e op\u00e7\u00f5es que se adaptam ao perfil da sua empresa, voc\u00ea conta com suporte especializado para comparar alternativas e escolher a solu\u00e7\u00e3o mais adequada para o seu cen\u00e1rio.<\/p>\n\n\n\n<p>Quer oferecer um benef\u00edcio valorizado e fortalecer sua opera\u00e7\u00e3o como PJ? <a href=\"https:\/\/www.companyhero.com\/plano-de-saude-pj\">Conhe\u00e7a as solu\u00e7\u00f5es da Company Hero e encontre o plano de sa\u00fade PJ ideal para o seu neg\u00f3cio<\/a>, com mais praticidade, economia e suporte especializado.<\/p>\n","protected":false},"excerpt":{"rendered":"<p>Ao contratar um conv\u00eanio m\u00e9dico, um dos fatores que mais influenciam o valor da mensalidade \u00e9 a idade do benefici\u00e1rio. Esse crit\u00e9rio, conhecido como faixa et\u00e1ria plano de sa\u00fade, pode gerar d\u00favidas, principalmente sobre aumentos de pre\u00e7o ao longo do tempo e poss\u00edveis impactos na cobertura.&nbsp; Ter acesso \u00e0 assist\u00eancia m\u00e9dica de qualidade \u00e9 fundamental [&hellip;]<\/p>\n","protected":false},"author":25,"featured_media":5551,"comment_status":"open","ping_status":"open","sticky":false,"template":"","format":"standard","meta":{"content-type":"","footnotes":""},"categories":[67],"tags":[],"class_list":["post-5550","post","type-post","status-publish","format-standard","has-post-thumbnail","hentry","category-plano-de-saude"],"_links":{"self":[{"href":"https:\/\/www.companyhero.com\/blog\/wp-json\/wp\/v2\/posts\/5550","targetHints":{"allow":["GET"]}}],"collection":[{"href":"https:\/\/www.companyhero.com\/blog\/wp-json\/wp\/v2\/posts"}],"about":[{"href":"https:\/\/www.companyhero.com\/blog\/wp-json\/wp\/v2\/types\/post"}],"author":[{"embeddable":true,"href":"https:\/\/www.companyhero.com\/blog\/wp-json\/wp\/v2\/users\/25"}],"replies":[{"embeddable":true,"href":"https:\/\/www.companyhero.com\/blog\/wp-json\/wp\/v2\/comments?post=5550"}],"version-history":[{"count":1,"href":"https:\/\/www.companyhero.com\/blog\/wp-json\/wp\/v2\/posts\/5550\/revisions"}],"predecessor-version":[{"id":5552,"href":"https:\/\/www.companyhero.com\/blog\/wp-json\/wp\/v2\/posts\/5550\/revisions\/5552"}],"wp:featuredmedia":[{"embeddable":true,"href":"https:\/\/www.companyhero.com\/blog\/wp-json\/wp\/v2\/media\/5551"}],"wp:attachment":[{"href":"https:\/\/www.companyhero.com\/blog\/wp-json\/wp\/v2\/media?parent=5550"}],"wp:term":[{"taxonomy":"category","embeddable":true,"href":"https:\/\/www.companyhero.com\/blog\/wp-json\/wp\/v2\/categories?post=5550"},{"taxonomy":"post_tag","embeddable":true,"href":"https:\/\/www.companyhero.com\/blog\/wp-json\/wp\/v2\/tags?post=5550"}],"curies":[{"name":"wp","href":"https:\/\/api.w.org\/{rel}","templated":true}]}}