{"id":4870,"date":"2025-11-05T01:01:42","date_gmt":"2025-11-05T01:01:42","guid":{"rendered":"https:\/\/www.companyhero.com\/blog\/?p=4870"},"modified":"2026-04-24T13:01:56","modified_gmt":"2026-04-24T13:01:56","slug":"plano-de-saude-coletivo-por-adesao-vs-empresarial","status":"publish","type":"post","link":"https:\/\/www.companyhero.com\/blog\/plano-de-saude-coletivo-por-adesao-vs-empresarial","title":{"rendered":"Plano de Sa\u00fade Coletivo por Ades\u00e3o x Empresarial: qual \u00e9 melhor para PJ?"},"content":{"rendered":"\n<p>Quando chega a hora de contratar um <a href=\"https:\/\/www.companyhero.com\/blog\/plano-de-saude\">plano de sa\u00fade<\/a> para sua empresa, \u00e9 comum bater aquela d\u00favida: afinal,<strong> \u00e9 melhor o plano coletivo por ades\u00e3o ou o empresarial?<\/strong><\/p>\n\n\n\n<p>Os dois tipos oferecem cobertura parecida, seguem as regras da <strong>Ag\u00eancia Nacional de Sa\u00fade Suplementar (<a href=\"https:\/\/www.companyhero.com\/blog\/o-que-e-ans\">ANS<\/a>)<\/strong> e costumam ter mensalidades mais vantajosas do que os planos individuais.<\/p>\n\n\n\n<p>&nbsp;Mas, por tr\u00e1s das semelhan\u00e7as, existem diferen\u00e7as importantes na forma de contrata\u00e7\u00e3o, nos reajustes e no controle do contrato \u2013 e \u00e9 justamente a\u00ed que muita gente acaba se confundindo.<\/p>\n\n\n\n<p>Se voc\u00ea \u00e9 <a href=\"https:\/\/www.companyhero.com\/blog\/o-que-e-mei\">MEI<\/a> ou tem uma pequena empresa, entender essas diferen\u00e7as \u00e9 o primeiro passo para evitar surpresas com reajustes e escolher a op\u00e7\u00e3o que cabe no seu or\u00e7amento.<\/p>\n\n\n\n<p>Neste artigo, vamos explicar de forma simples o que muda entre o plano coletivo por ades\u00e3o e o empresarial, quais s\u00e3o as vantagens e desvantagens de cada um e em quais casos cada tipo vale mais a pena.<\/p>\n\n\n\n<div id=\"ez-toc-container\" class=\"ez-toc-v2_0_78 counter-hierarchy ez-toc-counter ez-toc-grey ez-toc-container-direction\">\n<div class=\"ez-toc-title-container\">\n<p class=\"ez-toc-title\" style=\"cursor:inherit\">T\u00f3picos:<\/p>\n<span class=\"ez-toc-title-toggle\"><a href=\"#\" class=\"ez-toc-pull-right ez-toc-btn ez-toc-btn-xs ez-toc-btn-default ez-toc-toggle\" aria-label=\"Alternar tabela de conte\u00fado\"><span class=\"ez-toc-js-icon-con\"><span class=\"\"><span class=\"eztoc-hide\" style=\"display:none;\">Toggle<\/span><span class=\"ez-toc-icon-toggle-span\"><svg style=\"fill: #999;color:#999\" xmlns=\"http:\/\/www.w3.org\/2000\/svg\" class=\"list-377408\" width=\"20px\" height=\"20px\" viewBox=\"0 0 24 24\" fill=\"none\"><path d=\"M6 6H4v2h2V6zm14 0H8v2h12V6zM4 11h2v2H4v-2zm16 0H8v2h12v-2zM4 16h2v2H4v-2zm16 0H8v2h12v-2z\" fill=\"currentColor\"><\/path><\/svg><svg style=\"fill: #999;color:#999\" class=\"arrow-unsorted-368013\" xmlns=\"http:\/\/www.w3.org\/2000\/svg\" width=\"10px\" height=\"10px\" viewBox=\"0 0 24 24\" version=\"1.2\" baseProfile=\"tiny\"><path d=\"M18.2 9.3l-6.2-6.3-6.2 6.3c-.2.2-.3.4-.3.7s.1.5.3.7c.2.2.4.3.7.3h11c.3 0 .5-.1.7-.3.2-.2.3-.5.3-.7s-.1-.5-.3-.7zM5.8 14.7l6.2 6.3 6.2-6.3c.2-.2.3-.5.3-.7s-.1-.5-.3-.7c-.2-.2-.4-.3-.7-.3h-11c-.3 0-.5.1-.7.3-.2.2-.3.5-.3.7s.1.5.3.7z\"\/><\/svg><\/span><\/span><\/span><\/a><\/span><\/div>\n<nav><ul class='ez-toc-list ez-toc-list-level-1 ' ><li class='ez-toc-page-1 ez-toc-heading-level-2'><a class=\"ez-toc-link ez-toc-heading-1\" href=\"https:\/\/www.companyhero.com\/blog\/plano-de-saude-coletivo-por-adesao-vs-empresarial\/#O_que_e_o_plano_de_saude_coletivo_por_adesao_e_o_empresarial\" >O que \u00e9 o plano de sa\u00fade coletivo por ades\u00e3o e o empresarial?<\/a><\/li><li class='ez-toc-page-1 ez-toc-heading-level-2'><a class=\"ez-toc-link ez-toc-heading-2\" href=\"https:\/\/www.companyhero.com\/blog\/plano-de-saude-coletivo-por-adesao-vs-empresarial\/#Quais_sao_as_principais_diferencas_entre_os_dois_tipos_de_plano\" >Quais s\u00e3o as principais diferen\u00e7as entre os dois tipos de plano?<\/a><\/li><li class='ez-toc-page-1 ez-toc-heading-level-2'><a class=\"ez-toc-link ez-toc-heading-3\" href=\"https:\/\/www.companyhero.com\/blog\/plano-de-saude-coletivo-por-adesao-vs-empresarial\/#Qual_plano_e_mais_vantajoso_para_MEIs_e_pequenas_empresas\" >Qual plano \u00e9 mais vantajoso para MEIs e pequenas empresas?<\/a><\/li><li class='ez-toc-page-1 ez-toc-heading-level-2'><a class=\"ez-toc-link ez-toc-heading-4\" href=\"https:\/\/www.companyhero.com\/blog\/plano-de-saude-coletivo-por-adesao-vs-empresarial\/#Pontos_de_atencao_antes_de_contratar_um_plano_coletivo_ou_empresarial\" >Pontos de aten\u00e7\u00e3o antes de contratar um plano coletivo ou empresarial<\/a><\/li><\/ul><\/nav><\/div>\n<h2 class=\"wp-block-heading\"><span class=\"ez-toc-section\" id=\"O_que_e_o_plano_de_saude_coletivo_por_adesao_e_o_empresarial\"><\/span>O que \u00e9 o plano de sa\u00fade coletivo por ades\u00e3o e o empresarial?<span class=\"ez-toc-section-end\"><\/span><\/h2>\n\n\n\n<p>Antes de comparar custos e vantagens, \u00e9 importante entender como cada tipo de plano funciona porque, embora pare\u00e7am semelhantes, eles s\u00e3o contratados de formas bem diferentes.<\/p>\n\n\n\n<ol class=\"wp-block-list\">\n<li>O que \u00e9 um plano de sa\u00fade coletivo por ades\u00e3o?<\/li>\n<\/ol>\n\n\n\n<p>O plano coletivo por ades\u00e3o \u00e9 contratado por meio de uma entidade de classe, sindicato ou associa\u00e7\u00e3o profissional.&nbsp;<\/p>\n\n\n\n<p>Ou seja, a pessoa f\u00edsica ou jur\u00eddica n\u00e3o negocia diretamente com a operadora, mas entra em um grupo j\u00e1 formado por pessoas da mesma categoria profissional \u2013 jornalistas, advogados, engenheiros, comerciantes, entre outros.<\/p>\n\n\n\n<p>Esse tipo de plano \u00e9 administrado por uma empresa intermedi\u00e1ria (chamada de administradora de benef\u00edcios), que gerencia a rela\u00e7\u00e3o entre os benefici\u00e1rios e a operadora.<\/p>\n\n\n\n<p>Exemplo pr\u00e1tico: se voc\u00ea \u00e9 contador, pode aderir a um plano coletivo oferecido pelo conselho ou sindicato da sua profiss\u00e3o, mesmo que n\u00e3o tenha funcion\u00e1rios ou empresa aberta.<\/p>\n\n\n\n<p><strong>Vantagem:<\/strong> acesso a pre\u00e7os mais baixos do que os planos individuais.<\/p>\n\n\n\n<p><strong>Desvantagem: <\/strong>menor controle sobre reajustes e regras de cancelamento, j\u00e1 que tudo \u00e9 negociado pela administradora ou entidade.<\/p>\n\n\n\n<ol start=\"2\" class=\"wp-block-list\">\n<li>O que \u00e9 um plano de sa\u00fade empresarial?<\/li>\n<\/ol>\n\n\n\n<p>J\u00e1 o plano empresarial \u00e9 contratado diretamente pela empresa com a operadora de sa\u00fade. Ele exige um CNPJ ativo e pelo menos duas pessoas vinculadas: o titular (s\u00f3cio ou administrador) e um dependente ou colaborador.<\/p>\n\n\n\n<p>A principal diferen\u00e7a est\u00e1 no controle: a empresa \u00e9 quem gerencia o contrato. Isso permite negociar reajustes, incluir ou excluir benefici\u00e1rios e at\u00e9 escolher o tipo de cobertura de acordo com o perfil do time.<\/p>\n\n\n\n<p>Exemplo pr\u00e1tico: um MEI que tenha um funcion\u00e1rio registrado pode contratar um plano empresarial, incluindo os dois como benefici\u00e1rios.<\/p>\n\n\n\n<p><strong>Vantagem:<\/strong> mais autonomia e estabilidade no contrato.<\/p>\n\n\n\n<p><strong>Desvantagem: <\/strong>pode ter exig\u00eancias maiores para ades\u00e3o e manuten\u00e7\u00e3o (como n\u00famero m\u00ednimo de vidas e comprova\u00e7\u00e3o de v\u00ednculo profissional).<\/p>\n\n\n\n<h2 class=\"wp-block-heading\"><span class=\"ez-toc-section\" id=\"Quais_sao_as_principais_diferencas_entre_os_dois_tipos_de_plano\"><\/span>Quais s\u00e3o as principais diferen\u00e7as entre os dois tipos de plano?<span class=\"ez-toc-section-end\"><\/span><\/h2>\n\n\n\n<p>Agora que voc\u00ea j\u00e1 entendeu o que cada tipo de plano significa, chegou a hora de ver na pr\u00e1tica o que muda entre eles. A seguir, confira as principais diferen\u00e7as em rela\u00e7\u00e3o \u00e0 contrata\u00e7\u00e3o, reajustes, regras e benef\u00edcios.<\/p>\n\n\n\n<figure class=\"wp-block-table\"><table class=\"has-fixed-layout\"><tbody><tr><td><strong>Crit\u00e9rio<\/strong><\/td><td><strong>Plano Coletivo por Ades\u00e3o<\/strong><\/td><td><strong>Plano Empresarial<\/strong><\/td><\/tr><tr><td><strong>Quem pode contratar<\/strong><\/td><td>Pessoas f\u00edsicas vinculadas a uma entidade de classe, sindicato ou associa\u00e7\u00e3o profissional.<\/td><td>Empresas com CNPJ ativo (inclusive MEIs) com pelo menos 2 benefici\u00e1rios.<\/td><\/tr><tr><td><strong>Quem administra o plano<\/strong><\/td><td>Uma administradora de benef\u00edcios faz a intermedia\u00e7\u00e3o com a operadora.<\/td><td>A pr\u00f3pria empresa contratante gerencia o contrato diretamente com a operadora.<\/td><\/tr><tr><td><strong>Comprova\u00e7\u00e3o exigida<\/strong><\/td><td>Filia\u00e7\u00e3o \u00e0 entidade de classe e v\u00ednculo com a categoria profissional.<\/td><td>CNPJ ativo e comprova\u00e7\u00e3o de v\u00ednculo com o benefici\u00e1rio (s\u00f3cio, funcion\u00e1rio ou dependente).<\/td><\/tr><tr><td><strong>Controle sobre reajustes<\/strong><\/td><td>Definido pela administradora ou entidade, com base no desempenho do grupo.<\/td><td>Negociado entre empresa e operadora, com mais transpar\u00eancia e previsibilidade.<\/td><\/tr><tr><td><strong>Possibilidade de negocia\u00e7\u00e3o<\/strong><\/td><td>N\u00e3o h\u00e1 poder de negocia\u00e7\u00e3o individual.<\/td><td>A empresa pode negociar coberturas, reajustes e rede credenciada.<\/td><\/tr><tr><td><strong>N\u00famero m\u00ednimo de vidas<\/strong><\/td><td>N\u00e3o h\u00e1 exig\u00eancia m\u00ednima.<\/td><td>Exige pelo menos duas pessoas (titular + dependente ou funcion\u00e1rio).<\/td><\/tr><tr><td><strong>Cancelamento<\/strong><\/td><td>Pode ser decidido pela administradora, mesmo sem inadimpl\u00eancia.<\/td><td>A decis\u00e3o de cancelamento \u00e9 da empresa contratante.<\/td><\/tr><tr><td><strong>Indicado para<\/strong><\/td><td>Profissionais aut\u00f4nomos sem CNPJ ou sem funcion\u00e1rios.<\/td><td>MEIs e pequenas empresas que querem mais controle e estabilidade.<\/td><\/tr><\/tbody><\/table><\/figure>\n\n\n\n<p><strong>Em resumo:<\/strong><\/p>\n\n\n\n<p>O plano coletivo por ades\u00e3o \u00e9 mais acess\u00edvel para quem n\u00e3o tem empresa aberta, mas oferece menos autonomia.<\/p>\n\n\n\n<p>O plano empresarial exige CNPJ e v\u00ednculo empregat\u00edcio, por\u00e9m garante maior estabilidade e poder de negocia\u00e7\u00e3o.<\/p>\n\n\n\n<p>Se voc\u00ea tem CNPJ ativo, quase sempre o plano empresarial oferece melhor custo-benef\u00edcio, especialmente quando h\u00e1 mais de um benefici\u00e1rio.<\/p>\n\n\n\n<p>Quer confirmar qual tipo de plano pode oferecer a melhor economia para o seu CNPJ? <a href=\"https:\/\/simular-saude.companyhero.com\/\" target=\"_blank\" rel=\"noopener\">Fa\u00e7a uma simula\u00e7\u00e3o gratuita e veja em poucos minutos as op\u00e7\u00f5es de cobertura e pre\u00e7o.<\/a><\/p>\n\n\n\n<h2 class=\"wp-block-heading\"><span class=\"ez-toc-section\" id=\"Qual_plano_e_mais_vantajoso_para_MEIs_e_pequenas_empresas\"><\/span>Qual plano \u00e9 mais vantajoso para MEIs e pequenas empresas?<span class=\"ez-toc-section-end\"><\/span><\/h2>\n\n\n\n<p>A resposta curta \u00e9: depende do tamanho da empresa e do perfil dos benefici\u00e1rios.<\/p>\n\n\n\n<p>Mas, de forma geral, quem tem CNPJ ativo costuma se beneficiar mais com o plano empresarial, justamente porque tem mais controle sobre o contrato e pode negociar condi\u00e7\u00f5es melhores.<\/p>\n\n\n\n<p>A seguir, veja em quais situa\u00e7\u00f5es cada modelo faz mais sentido.<\/p>\n\n\n\n<ol class=\"wp-block-list\">\n<li>Quando o plano coletivo por ades\u00e3o pode valer mais a pena<\/li>\n<\/ol>\n\n\n\n<p>Se voc\u00ea ainda n\u00e3o tem CNPJ, ou atua como aut\u00f4nomo, o plano coletivo por ades\u00e3o pode ser uma boa porta de entrada.<\/p>\n\n\n\n<p>Ele oferece acesso a planos com valores reduzidos em compara\u00e7\u00e3o aos individuais, sem precisar abrir uma empresa ou comprovar v\u00ednculo com colaboradores.<\/p>\n\n\n\n<p>Exemplo pr\u00e1tico: um designer freelancer que trabalha sozinho pode aderir a um plano coletivo oferecido pela associa\u00e7\u00e3o de publicit\u00e1rios da cidade, sem precisar formalizar um neg\u00f3cio.<\/p>\n\n\n\n<p>Vale considerar se:<\/p>\n\n\n\n<ul class=\"wp-block-list\">\n<li>voc\u00ea atua de forma independente e n\u00e3o pretende contratar funcion\u00e1rios;<\/li>\n\n\n\n<li>quer apenas cobertura pessoal e rapidez na ades\u00e3o;<\/li>\n\n\n\n<li>est\u00e1 confort\u00e1vel em n\u00e3o ter controle direto sobre reajustes.<\/li>\n<\/ul>\n\n\n\n<ol start=\"2\" class=\"wp-block-list\">\n<li>Quando o plano empresarial \u00e9 mais vantajoso<\/li>\n<\/ol>\n\n\n\n<p>Para quem j\u00e1 possui um CNPJ ativo (mesmo como MEI com um dependente ou funcion\u00e1rio registrado) o plano empresarial tende a ser mais vantajoso.<\/p>\n\n\n\n<p>Al\u00e9m do pre\u00e7o competitivo, ele oferece maior previsibilidade, seguran\u00e7a contratual e flexibilidade de negocia\u00e7\u00e3o.<\/p>\n\n\n\n<p>Exemplo pr\u00e1tico: um pequeno escrit\u00f3rio de contabilidade com dois s\u00f3cios ou um MEI com um colaborador pode contratar um plano empresarial e incluir ambos, garantindo condi\u00e7\u00f5es personalizadas e estabilidade no contrato.<\/p>\n\n\n\n<p>Vale considerar se:<\/p>\n\n\n\n<ul class=\"wp-block-list\">\n<li>voc\u00ea tem CNPJ ativo e pelo menos duas pessoas para incluir no plano;<\/li>\n\n\n\n<li>quer ter mais autonomia para escolher operadora, cobertura e rede credenciada;<\/li>\n\n\n\n<li>busca seguran\u00e7a a longo prazo, sem depender de uma administradora externa.<\/li>\n<\/ul>\n\n\n\n<p><strong>Resumo r\u00e1pido:<\/strong><\/p>\n\n\n\n<figure class=\"wp-block-table\"><table class=\"has-fixed-layout\"><tbody><tr><td><strong>Situa\u00e7\u00e3o<\/strong><\/td><td><strong>Melhor op\u00e7\u00e3o<\/strong><\/td><\/tr><tr><td>Profissional aut\u00f4nomo sem CNPJ<\/td><td><strong>Coletivo por ades\u00e3o<\/strong><\/td><\/tr><tr><td>MEI com um dependente ou funcion\u00e1rio<\/td><td><strong>Empresarial<\/strong><\/td><\/tr><tr><td>Pequena empresa com equipe maior<\/td><td><strong>Empresarial<\/strong><\/td><\/tr><tr><td>Busca por mais controle e estabilidade<\/td><td><strong>Empresarial<\/strong><\/td><\/tr><tr><td>Busca por ades\u00e3o simples e r\u00e1pida<\/td><td><strong>Coletivo por ades\u00e3o<\/strong><\/td><\/tr><\/tbody><\/table><\/figure>\n\n\n\n<figure class=\"wp-block-image aligncenter size-large\"><a href=\"https:\/\/companyhero.trb.ai\/wa\/1j5xnZW\" target=\"_blank\" rel=\"noopener\"><img data-recalc-dims=\"1\" decoding=\"async\" src=\"https:\/\/i0.wp.com\/20005532.fs1.hubspotusercontent-na1.net\/hubfs\/20005532\/Assets%20blog\/Seguros%20-%20Banner%20Blog\/e2742c64ef8540b18ac068d1715de129.png?w=800&#038;ssl=1\" alt=\"\"\/><\/a><\/figure>\n\n\n\n<h2 class=\"wp-block-heading\"><span class=\"ez-toc-section\" id=\"Pontos_de_atencao_antes_de_contratar_um_plano_coletivo_ou_empresarial\"><\/span>Pontos de aten\u00e7\u00e3o antes de contratar um plano coletivo ou empresarial<span class=\"ez-toc-section-end\"><\/span><\/h2>\n\n\n\n<p>Independentemente do tipo de plano escolhido, \u00e9 essencial avaliar alguns detalhes antes de fechar o contrato.<\/p>\n\n\n\n<p>Esses cuidados ajudam a evitar reajustes inesperados, dores de cabe\u00e7a com cancelamentos e contrata\u00e7\u00f5es mal informadas.<\/p>\n\n\n\n<ol class=\"wp-block-list\">\n<li>Verifique se a operadora \u00e9 registrada na ANS<\/li>\n<\/ol>\n\n\n\n<p>Antes de contratar, confira se a operadora e, no caso dos planos por ades\u00e3o, a administradora de benef\u00edcios est\u00e3o regularizadas na Ag\u00eancia Nacional de Sa\u00fade Suplementar (ANS).<\/p>\n\n\n\n<p>Essa verifica\u00e7\u00e3o \u00e9 r\u00e1pida e pode ser feita no <a href=\"https:\/\/www.gov.br\/ans\/pt-br\" target=\"_blank\" rel=\"noopener\">site oficial da ANS<\/a>, na \u00e1rea de Consulta de Operadoras Registradas.<\/p>\n\n\n\n<p>Por que isso importa: s\u00f3 planos regulamentados garantem cobertura m\u00ednima obrigat\u00f3ria, prazos m\u00e1ximos de car\u00eancia e prote\u00e7\u00e3o ao consumidor.<\/p>\n\n\n\n<ol start=\"2\" class=\"wp-block-list\">\n<li>Analise o hist\u00f3rico de reajustes<\/li>\n<\/ol>\n\n\n\n<p>Nos planos coletivos (tanto por ades\u00e3o quanto empresariais), os reajustes n\u00e3o s\u00e3o controlados diretamente pela ANS, como ocorre nos planos individuais. Cada contrato tem seu pr\u00f3prio \u00edndice, calculado com base em custos e sinistralidade, o uso do plano pelos benefici\u00e1rios.<\/p>\n\n\n\n<p>Por isso, antes de contratar, pe\u00e7a o hist\u00f3rico de reajustes dos \u00faltimos anos.<\/p>\n\n\n\n<p>Essa informa\u00e7\u00e3o mostra se a operadora costuma aplicar aumentos dentro da m\u00e9dia do mercado.<\/p>\n\n\n\n<ol start=\"3\" class=\"wp-block-list\">\n<li>Leia as regras de car\u00eancia e cancelamento<\/li>\n<\/ol>\n\n\n\n<p>Mesmo em planos empresariais, pode haver car\u00eancia para alguns procedimentos, principalmente se for o primeiro contrato com a operadora.&nbsp;<\/p>\n\n\n\n<p>Tamb\u00e9m \u00e9 importante entender como funciona o cancelamento: quem pode solicitar, prazos m\u00ednimos de perman\u00eancia e se h\u00e1 penalidades.<\/p>\n\n\n\n<p>Dica: guarde sempre uma c\u00f3pia do contrato e dos regulamentos \u2014 isso facilita futuras negocia\u00e7\u00f5es ou portabilidade.<\/p>\n\n\n\n<ol start=\"4\" class=\"wp-block-list\">\n<li>Avalie o suporte e o canal de atendimento<\/li>\n<\/ol>\n\n\n\n<p>O suporte oferecido pela operadora ou administradora faz diferen\u00e7a no dia a dia.<\/p>\n\n\n\n<p>Procure empresas com bom hist\u00f3rico de atendimento, canais digitais eficientes e avalia\u00e7\u00f5es positivas no Reclame Aqui e na ANS.<br>Quer comparar planos de diferentes operadoras antes de decidir? <a href=\"https:\/\/simular-saude.companyhero.com\/\" target=\"_blank\" rel=\"noopener\">Com o simulador da Company Hero, voc\u00ea consegue ver pre\u00e7os, condi\u00e7\u00f5es e cobertura em um s\u00f3 lugar, sem custo e sem compromisso.<\/a><\/p>\n","protected":false},"excerpt":{"rendered":"<p>Quando chega a hora de contratar um plano de sa\u00fade para sua empresa, \u00e9 comum bater aquela d\u00favida: afinal, \u00e9 melhor o plano coletivo por ades\u00e3o ou o empresarial? Os dois tipos oferecem cobertura parecida, seguem as regras da Ag\u00eancia Nacional de Sa\u00fade Suplementar (ANS) e costumam ter mensalidades mais vantajosas do que os planos [&hellip;]<\/p>\n","protected":false},"author":25,"featured_media":4879,"comment_status":"open","ping_status":"open","sticky":false,"template":"","format":"standard","meta":{"content-type":"","footnotes":""},"categories":[67,38],"tags":[],"class_list":["post-4870","post","type-post","status-publish","format-standard","has-post-thumbnail","hentry","category-plano-de-saude","category-cuidado-com-a-saude"],"_links":{"self":[{"href":"https:\/\/www.companyhero.com\/blog\/wp-json\/wp\/v2\/posts\/4870","targetHints":{"allow":["GET"]}}],"collection":[{"href":"https:\/\/www.companyhero.com\/blog\/wp-json\/wp\/v2\/posts"}],"about":[{"href":"https:\/\/www.companyhero.com\/blog\/wp-json\/wp\/v2\/types\/post"}],"author":[{"embeddable":true,"href":"https:\/\/www.companyhero.com\/blog\/wp-json\/wp\/v2\/users\/25"}],"replies":[{"embeddable":true,"href":"https:\/\/www.companyhero.com\/blog\/wp-json\/wp\/v2\/comments?post=4870"}],"version-history":[{"count":3,"href":"https:\/\/www.companyhero.com\/blog\/wp-json\/wp\/v2\/posts\/4870\/revisions"}],"predecessor-version":[{"id":4971,"href":"https:\/\/www.companyhero.com\/blog\/wp-json\/wp\/v2\/posts\/4870\/revisions\/4971"}],"wp:featuredmedia":[{"embeddable":true,"href":"https:\/\/www.companyhero.com\/blog\/wp-json\/wp\/v2\/media\/4879"}],"wp:attachment":[{"href":"https:\/\/www.companyhero.com\/blog\/wp-json\/wp\/v2\/media?parent=4870"}],"wp:term":[{"taxonomy":"category","embeddable":true,"href":"https:\/\/www.companyhero.com\/blog\/wp-json\/wp\/v2\/categories?post=4870"},{"taxonomy":"post_tag","embeddable":true,"href":"https:\/\/www.companyhero.com\/blog\/wp-json\/wp\/v2\/tags?post=4870"}],"curies":[{"name":"wp","href":"https:\/\/api.w.org\/{rel}","templated":true}]}}