{"id":2514,"date":"2025-02-12T20:47:10","date_gmt":"2025-02-12T20:47:10","guid":{"rendered":"https:\/\/54.227.86.48\/?p=2514"},"modified":"2026-01-20T18:51:04","modified_gmt":"2026-01-20T18:51:04","slug":"beneficios-governo-cancelados-mei","status":"publish","type":"post","link":"https:\/\/www.companyhero.com\/blog\/beneficios-governo-cancelados-mei","title":{"rendered":"Quais benef\u00edcios do governo s\u00e3o cancelados ao abrir um MEI? Veja lista"},"content":{"rendered":"\n<figure class=\"wp-block-image size-large\"><a href=\"https:\/\/sun.eduzz.com\/40QDAZ5QWB?utm_source=company-hero&amp;utm_campaign=freelapj&amp;utm_content=blog-company-hero\" target=\"_blank\" rel=\"noopener\"><img data-recalc-dims=\"1\" fetchpriority=\"high\" decoding=\"async\" width=\"800\" height=\"190\" src=\"https:\/\/i0.wp.com\/www.companyhero.com\/blog\/wp-content\/uploads\/2026\/01\/Comunicacao-organica-StaagePrancheta-1-2.jpg?resize=800%2C190&#038;ssl=1\" alt=\"\" class=\"wp-image-5127\" srcset=\"https:\/\/i0.wp.com\/www.companyhero.com\/blog\/wp-content\/uploads\/2026\/01\/Comunicacao-organica-StaagePrancheta-1-2.jpg?resize=1024%2C243&amp;ssl=1 1024w, https:\/\/i0.wp.com\/www.companyhero.com\/blog\/wp-content\/uploads\/2026\/01\/Comunicacao-organica-StaagePrancheta-1-2.jpg?resize=300%2C71&amp;ssl=1 300w, https:\/\/i0.wp.com\/www.companyhero.com\/blog\/wp-content\/uploads\/2026\/01\/Comunicacao-organica-StaagePrancheta-1-2.jpg?resize=768%2C182&amp;ssl=1 768w, https:\/\/i0.wp.com\/www.companyhero.com\/blog\/wp-content\/uploads\/2026\/01\/Comunicacao-organica-StaagePrancheta-1-2.jpg?resize=1536%2C364&amp;ssl=1 1536w, https:\/\/i0.wp.com\/www.companyhero.com\/blog\/wp-content\/uploads\/2026\/01\/Comunicacao-organica-StaagePrancheta-1-2.jpg?w=1905&amp;ssl=1 1905w, https:\/\/i0.wp.com\/www.companyhero.com\/blog\/wp-content\/uploads\/2026\/01\/Comunicacao-organica-StaagePrancheta-1-2.jpg?w=1600&amp;ssl=1 1600w\" sizes=\"(max-width: 800px) 100vw, 800px\" \/><\/a><\/figure>\n\n\n\n<p>H\u00e1 uma d\u00favida bastante frequente em quem pensa em abrir um <a href=\"https:\/\/www.companyhero.com\/blog\/o-que-e-mei\">MEI<\/a>:&nbsp;<strong>\u201cser\u00e1 que o meu benef\u00edcio do governo ser\u00e1 cancelado com a formaliza\u00e7\u00e3o?\u201d<\/strong>&nbsp;A resposta \u00e9: depende do programa (Bolsa Fam\u00edlia, seguro desemprego etc.)<\/p>\n\n\n\n<p>Os aux\u00edlios s\u00e3o agrupados em tr\u00eas categorias:<\/p>\n\n\n\n<ul class=\"wp-block-list\">\n<li>Benef\u00edcios que ser\u00e3o cancelados com a abertura do MEI;<\/li>\n\n\n\n<li>Benef\u00edcios que podem ser cancelados, a depender do contexto, com a formaliza\u00e7\u00e3o;<\/li>\n\n\n\n<li>Benef\u00edcios que n\u00e3o ser\u00e3o cancelados ap\u00f3s a abertura do MEI.<\/li>\n<\/ul>\n\n\n\n<p>Continue a leitura para entender quais aux\u00edlios se enquadram em cada categoria, de acordo com&nbsp;<a href=\"https:\/\/www.gov.br\/empresas-e-negocios\/pt-br\/empreendedor\/quero-ser-mei\/o-que-voce-precisa-saber-antes-de-se-tornar-um-mei\" target=\"_blank\" rel=\"noopener\">publica\u00e7\u00e3o do Portal do Empreendedor<\/a>.<\/p>\n\n\n\n<div id=\"ez-toc-container\" class=\"ez-toc-v2_0_78 counter-hierarchy ez-toc-counter ez-toc-grey ez-toc-container-direction\">\n<div class=\"ez-toc-title-container\">\n<p class=\"ez-toc-title\" style=\"cursor:inherit\">T\u00f3picos:<\/p>\n<span class=\"ez-toc-title-toggle\"><a href=\"#\" class=\"ez-toc-pull-right ez-toc-btn ez-toc-btn-xs ez-toc-btn-default ez-toc-toggle\" aria-label=\"Alternar tabela de conte\u00fado\"><span class=\"ez-toc-js-icon-con\"><span class=\"\"><span class=\"eztoc-hide\" style=\"display:none;\">Toggle<\/span><span class=\"ez-toc-icon-toggle-span\"><svg style=\"fill: #999;color:#999\" xmlns=\"http:\/\/www.w3.org\/2000\/svg\" class=\"list-377408\" width=\"20px\" height=\"20px\" viewBox=\"0 0 24 24\" fill=\"none\"><path d=\"M6 6H4v2h2V6zm14 0H8v2h12V6zM4 11h2v2H4v-2zm16 0H8v2h12v-2zM4 16h2v2H4v-2zm16 0H8v2h12v-2z\" fill=\"currentColor\"><\/path><\/svg><svg style=\"fill: #999;color:#999\" class=\"arrow-unsorted-368013\" xmlns=\"http:\/\/www.w3.org\/2000\/svg\" width=\"10px\" height=\"10px\" viewBox=\"0 0 24 24\" version=\"1.2\" baseProfile=\"tiny\"><path d=\"M18.2 9.3l-6.2-6.3-6.2 6.3c-.2.2-.3.4-.3.7s.1.5.3.7c.2.2.4.3.7.3h11c.3 0 .5-.1.7-.3.2-.2.3-.5.3-.7s-.1-.5-.3-.7zM5.8 14.7l6.2 6.3 6.2-6.3c.2-.2.3-.5.3-.7s-.1-.5-.3-.7c-.2-.2-.4-.3-.7-.3h-11c-.3 0-.5.1-.7.3-.2.2-.3.5-.3.7s.1.5.3.7z\"\/><\/svg><\/span><\/span><\/span><\/a><\/span><\/div>\n<nav><ul class='ez-toc-list ez-toc-list-level-1 ' ><li class='ez-toc-page-1 ez-toc-heading-level-2'><a class=\"ez-toc-link ez-toc-heading-1\" href=\"https:\/\/www.companyhero.com\/blog\/beneficios-governo-cancelados-mei\/#Beneficios_que_sao_cancelados_com_a_abertura_do_MEI\" >Benef\u00edcios que s\u00e3o cancelados com a abertura do MEI<\/a><ul class='ez-toc-list-level-3' ><li class='ez-toc-heading-level-3'><a class=\"ez-toc-link ez-toc-heading-2\" href=\"https:\/\/www.companyhero.com\/blog\/beneficios-governo-cancelados-mei\/#Aposentadoria_por_invalidez\" >Aposentadoria por invalidez<\/a><\/li><li class='ez-toc-page-1 ez-toc-heading-level-3'><a class=\"ez-toc-link ez-toc-heading-3\" href=\"https:\/\/www.companyhero.com\/blog\/beneficios-governo-cancelados-mei\/#Auxilio-doenca_eou_salario-maternidade\" >Aux\u00edlio-doen\u00e7a e\/ou sal\u00e1rio-maternidade<\/a><\/li><\/ul><\/li><li class='ez-toc-page-1 ez-toc-heading-level-2'><a class=\"ez-toc-link ez-toc-heading-4\" href=\"https:\/\/www.companyhero.com\/blog\/beneficios-governo-cancelados-mei\/#Beneficios_que_podem_ser_cancelados_com_a_abertura_do_MEI\" >Benef\u00edcios que podem ser cancelados com a abertura do MEI<\/a><ul class='ez-toc-list-level-3' ><li class='ez-toc-heading-level-3'><a class=\"ez-toc-link ez-toc-heading-5\" href=\"https:\/\/www.companyhero.com\/blog\/beneficios-governo-cancelados-mei\/#Beneficio_de_Prestacao_Continuada_da_Assistencia_Social_BPC-LOAS\" >Benef\u00edcio de Presta\u00e7\u00e3o Continuada da Assist\u00eancia Social (BPC-LOAS)<\/a><\/li><li class='ez-toc-page-1 ez-toc-heading-level-3'><a class=\"ez-toc-link ez-toc-heading-6\" href=\"https:\/\/www.companyhero.com\/blog\/beneficios-governo-cancelados-mei\/#Bolsa_Familia_ou_Auxilio_Brasil\" >Bolsa Fam\u00edlia (ou Aux\u00edlio Brasil)<\/a><\/li><li class='ez-toc-page-1 ez-toc-heading-level-3'><a class=\"ez-toc-link ez-toc-heading-7\" href=\"https:\/\/www.companyhero.com\/blog\/beneficios-governo-cancelados-mei\/#Prouni_eou_FIES\" >Prouni e\/ou FIES<\/a><\/li><li class='ez-toc-page-1 ez-toc-heading-level-3'><a class=\"ez-toc-link ez-toc-heading-8\" href=\"https:\/\/www.companyhero.com\/blog\/beneficios-governo-cancelados-mei\/#Seguro-desemprego\" >Seguro-desemprego<\/a><ul class='ez-toc-list-level-4' ><li class='ez-toc-heading-level-4'><a class=\"ez-toc-link ez-toc-heading-9\" href=\"https:\/\/www.companyhero.com\/blog\/beneficios-governo-cancelados-mei\/#Estou_recebendo_seguro_desemprego_posso_abrir_MEI\" >Estou recebendo seguro desemprego, posso abrir MEI?<\/a><\/li><li class='ez-toc-page-1 ez-toc-heading-level-4'><a class=\"ez-toc-link ez-toc-heading-10\" href=\"https:\/\/www.companyhero.com\/blog\/beneficios-governo-cancelados-mei\/#O_MEI_que_tambem_e_CLT_tem_direito_a_seguro-desemprego_se_for_demitido_sem_justa_causa\" >O MEI que tamb\u00e9m \u00e9 CLT tem direito a seguro-desemprego se for demitido sem justa causa?<\/a><\/li><\/ul><\/li><\/ul><\/li><li class='ez-toc-page-1 ez-toc-heading-level-2'><a class=\"ez-toc-link ez-toc-heading-11\" href=\"https:\/\/www.companyhero.com\/blog\/beneficios-governo-cancelados-mei\/#Beneficios_que_nao_sao_cancelados_apos_a_abertura_do_MEI\" >Benef\u00edcios que n\u00e3o s\u00e3o cancelados ap\u00f3s a abertura do MEI<\/a><\/li><li class='ez-toc-page-1 ez-toc-heading-level-2'><a class=\"ez-toc-link ez-toc-heading-12\" href=\"https:\/\/www.companyhero.com\/blog\/beneficios-governo-cancelados-mei\/#MEI_recebe_seguro-desemprego\" >MEI recebe seguro-desemprego?<\/a><\/li><li class='ez-toc-page-1 ez-toc-heading-level-2'><a class=\"ez-toc-link ez-toc-heading-13\" href=\"https:\/\/www.companyhero.com\/blog\/beneficios-governo-cancelados-mei\/#Quais_beneficios_previdenciarios_o_MEI_tem_direito\" >Quais benef\u00edcios previdenci\u00e1rios o MEI tem direito?<\/a><\/li><\/ul><\/nav><\/div>\n<h2 class=\"wp-block-heading\"><span class=\"ez-toc-section\" id=\"Beneficios_que_sao_cancelados_com_a_abertura_do_MEI\"><\/span>Benef\u00edcios que s\u00e3o cancelados com a abertura do MEI<span class=\"ez-toc-section-end\"><\/span><\/h2>\n\n\n\n<h3 class=\"wp-block-heading\"><span class=\"ez-toc-section\" id=\"Aposentadoria_por_invalidez\"><\/span>Aposentadoria por invalidez<span class=\"ez-toc-section-end\"><\/span><\/h3>\n\n\n\n<p>A formaliza\u00e7\u00e3o como MEI pode implicar no cancelamento deste aux\u00edlio, uma vez que a atividade do microempreendedor individual \u00e9 vista como&nbsp;<strong>capacidade laborativa<\/strong>&nbsp;(de trabalhar).<\/p>\n\n\n\n<p>Quem recebe aposentadoria por invalidez e retorna ao trabalho como MEI ou em qualquer outra atividade laboral \u00e9 considerado recuperado e apto ao trabalho, logo, deixar\u00e1 de receber o benef\u00edcio por invalidez.<\/p>\n\n\n\n<h3 class=\"wp-block-heading\"><span class=\"ez-toc-section\" id=\"Auxilio-doenca_eou_salario-maternidade\"><\/span>Aux\u00edlio-doen\u00e7a e\/ou sal\u00e1rio-maternidade<span class=\"ez-toc-section-end\"><\/span><\/h3>\n\n\n\n<p>Aux\u00edlio-doen\u00e7a e sal\u00e1rio-maternidade s\u00e3o benef\u00edcios que est\u00e3o condicionados ao afastamento da atividade desempenhada, portanto, caso um benefici\u00e1rio se formalize como MEI, perder\u00e1 a assist\u00eancia.<\/p>\n\n\n\n<p>Isso acontece porque, assim como na aposentadoria por invalidez, a abertura do CNPJ MEI indica aptid\u00e3o para o trabalho.<\/p>\n\n\n\n<p>\ud83d\udc49 Vale lembrar que, apesar da formaliza\u00e7\u00e3o cancelar alguns benef\u00edcios, o MEI passa a ter direito a outras assist\u00eancias (continue a leitura para ver quais s\u00e3o).<\/p>\n\n\n\n<div class=\"wp-block-leadin-hubspot-form-block\">\n\t\t\t\t\t\t<script data-jetpack-boost=\"ignore\">\n\t\t\t\t\t\t\twindow.hsFormsOnReady = window.hsFormsOnReady || [];\n\t\t\t\t\t\t\twindow.hsFormsOnReady.push(()=>{\n\t\t\t\t\t\t\t\thbspt.forms.create({\n\t\t\t\t\t\t\t\t\tportalId: 20005532,\n\t\t\t\t\t\t\t\t\tformId: \"c46c5960-954a-43b8-b606-057291e4efc4\",\n\t\t\t\t\t\t\t\t\ttarget: \"#hbspt-form-1777562208000-0962161590\",\n\t\t\t\t\t\t\t\t\tregion: \"na1\",\n\t\t\t\t\t\t\t\t\t\n\t\t\t\t\t\t\t})});\n\t\t\t\t\t\t<\/script>\n\t\t\t\t\t\t<div class=\"hbspt-form\" id=\"hbspt-form-1777562208000-0962161590\"><\/div><\/div>\n\n\n\n<h2 class=\"wp-block-heading\"><span class=\"ez-toc-section\" id=\"Beneficios_que_podem_ser_cancelados_com_a_abertura_do_MEI\"><\/span>Benef\u00edcios que podem ser cancelados com a abertura do MEI<span class=\"ez-toc-section-end\"><\/span><\/h2>\n\n\n\n<h3 class=\"wp-block-heading\"><span class=\"ez-toc-section\" id=\"Beneficio_de_Prestacao_Continuada_da_Assistencia_Social_BPC-LOAS\"><\/span>Benef\u00edcio de Presta\u00e7\u00e3o Continuada da Assist\u00eancia Social (BPC-LOAS)<span class=\"ez-toc-section-end\"><\/span><\/h3>\n\n\n\n<p>Esse \u00e9 um aux\u00edlio que n\u00e3o \u00e9 cancelado automaticamente com a abertura do MEI, mas pode acontecer caso o microempreendedor individual ultrapasse o faturamento permitido para quem recebe o BCP-LOAS.<\/p>\n\n\n\n<p>O aux\u00edlio \u00e9 um direito da pessoa com defici\u00eancia que n\u00e3o possui meios de se sustentar ou de ser sustentada pela fam\u00edlia. Para receber o benef\u00edcio, \u00e9 necess\u00e1rio que a renda por pessoa do grupo familiar seja igual ou menor que 1\/4 do sal\u00e1rio m\u00ednimo.<\/p>\n\n\n\n<p>Ou seja, se o Servi\u00e7o Social identificar um aumento de renda familiar maior que o estabelecido, poder\u00e1 cancelar o benef\u00edcio, j\u00e1 que a pessoa n\u00e3o cumpre mais os requisitos do BCP-LOAS.<\/p>\n\n\n\n<h3 class=\"wp-block-heading\"><span class=\"ez-toc-section\" id=\"Bolsa_Familia_ou_Auxilio_Brasil\"><\/span>Bolsa Fam\u00edlia (ou Aux\u00edlio Brasil)<span class=\"ez-toc-section-end\"><\/span><\/h3>\n\n\n\n<p>A regra para o Bolsa Fam\u00edlia segue a mesma l\u00f3gica do BCP-LOAS. A abertura do MEI n\u00e3o causa o cancelamento do programa imediatamente, a n\u00e3o ser que haja aumento na renda familiar acima do limite permitido.<\/p>\n\n\n\n<p>A principal regra para receber o Bolsa Fam\u00edlia \u00e9 que a renda de cada pessoa da fam\u00edlia seja de, no m\u00e1ximo, R$ 218 por m\u00eas.<\/p>\n\n\n\n<p>Portanto, se um benefici\u00e1rio do programa abrir um MEI e continuar com renda abaixo do permitido, n\u00e3o ter\u00e1 o Bolsa Fam\u00edlia cortado. Mas, se ultrapassar esse valor, o aux\u00edlio ser\u00e1 finalizado.<\/p>\n\n\n\n<p>Ainda assim, o cancelamento do programa&nbsp;<strong>n\u00e3o \u00e9 imediato<\/strong>&nbsp;\u2013 ser\u00e1 efetuado apenas no ano de atualiza\u00e7\u00e3o cadastral.<\/p>\n\n\n\n<p>\ud83d\udc49 Leia mais detalhes:&nbsp;<a href=\"https:\/\/www.companyhero.com\/blog\/mei-pode-receber-bolsa-familia\">Quem \u00e9 MEI pode receber Bolsa Fam\u00edlia? Veja a regulamenta\u00e7\u00e3o<\/a><\/p>\n\n\n\n<h3 class=\"wp-block-heading\"><span class=\"ez-toc-section\" id=\"Prouni_eou_FIES\"><\/span>Prouni e\/ou FIES<span class=\"ez-toc-section-end\"><\/span><\/h3>\n\n\n\n<p>O cancelamento (ou n\u00e3o) do Prouni e\/ou FIES tamb\u00e9m est\u00e1 atrelado \u00e0 renda da fam\u00edlia. Portanto, abrir um MEI n\u00e3o anula o benef\u00edcio automaticamente. Mas, a pessoa ter\u00e1 de se manter dentro do limite m\u00e1ximo de renda do programa:<\/p>\n\n\n\n<ul class=\"wp-block-list\">\n<li>No FIES, o limite m\u00e1ximo de renda familiar mensal bruta por pessoa \u00e9 de at\u00e9 3 (tr\u00eas) sal\u00e1rios m\u00ednimos.<\/li>\n\n\n\n<li>No Prouni, nas bolsas integrais a renda familiar bruta mensal, por pessoa, deve ser de at\u00e9 1,5 sal\u00e1rio m\u00ednimo; para as bolsas parciais (50%), a renda familiar bruta mensal deve ser de at\u00e9 3 sal\u00e1rios m\u00ednimos por pessoa.<\/li>\n<\/ul>\n\n\n\n<h3 class=\"wp-block-heading\"><span class=\"ez-toc-section\" id=\"Seguro-desemprego\"><\/span>Seguro-desemprego<span class=\"ez-toc-section-end\"><\/span><\/h3>\n\n\n\n<p>\u201cSe eu abrir um MEI, perco o seguro desemprego\u200b?\u201d N\u00e3o.&nbsp;<strong>O benef\u00edcio n\u00e3o \u00e9 cancelado automaticamente apenas pela formaliza\u00e7\u00e3o como MEI<\/strong>. De acordo com o Portal do Empreendedor, do governo, o benef\u00edcio s\u00f3 ser\u00e1 cancelado se o MEI demonstrar renda pr\u00f3pria suficiente para se manter. Quem avalia a necessidade do benef\u00edcio \u00e9 o Minist\u00e9rio do Trabalho e Previd\u00eancia.<\/p>\n\n\n\n<p>O MEI comprova sua renda atrav\u00e9s da DASN, a Declara\u00e7\u00e3o Anual de Faturamento, que, como o pr\u00f3prio nome diz, \u00e9 feita uma vez no ano, no m\u00eas de maio.<\/p>\n\n\n\n<p>O governo ainda ressalta que o direito ao seguro-desemprego n\u00e3o tem rela\u00e7\u00e3o com a abertura ou n\u00e3o do MEI \u2013 o que importa \u00e9 que a pessoa siga os requisitos do programa, estabelecidos na&nbsp;<a href=\"https:\/\/www.planalto.gov.br\/ccivil_03\/leis\/l7998.htm\" target=\"_blank\" rel=\"noopener\">Lei n\u00ba 7.998, de 1990<\/a>.<\/p>\n\n\n\n<p>As principais regras para estar apto a receber seguro-desemprego s\u00e3o:<\/p>\n\n\n\n<ul class=\"wp-block-list\">\n<li>Ter sido um trabalhador formal;<\/li>\n\n\n\n<li>Ter sido dispensado (demitido) sem justa causa;<\/li>\n\n\n\n<li>Estar desempregado quando do requerimento do benef\u00edcio;<\/li>\n\n\n\n<li>N\u00e3o possuir renda pr\u00f3pria de qualquer natureza suficiente \u00e0 sua manuten\u00e7\u00e3o e da sua fam\u00edlia; e<\/li>\n\n\n\n<li>N\u00e3o estar recebendo qualquer benef\u00edcio previdenci\u00e1rio de presta\u00e7\u00e3o continuada, com exce\u00e7\u00e3o do aux\u00edlio-acidente e pens\u00e3o por morte.<\/li>\n<\/ul>\n\n\n\n<p>Veja as demais condi\u00e7\u00f5es para receber&nbsp;<a href=\"https:\/\/www.caixa.gov.br\/Downloads\/seguro-desemprego\/Condicoes_SDE.pdf\" target=\"_blank\" rel=\"noopener\">seguro-desemprego aqui<\/a>.<\/p>\n\n\n\n<h4 class=\"wp-block-heading\"><span class=\"ez-toc-section\" id=\"Estou_recebendo_seguro_desemprego_posso_abrir_MEI\"><\/span>Estou recebendo seguro desemprego, posso abrir MEI?<span class=\"ez-toc-section-end\"><\/span><\/h4>\n\n\n\n<p>Sim. Como dito acima, quem est\u00e1 recebendo seguro-desemprego pode abrir MEI sem problemas. O fato de se formalizar como MEI isoladamente n\u00e3o cancela o benef\u00edcio. Confira a explica\u00e7\u00e3o completa voltando a leitura.<\/p>\n\n\n\n<h4 class=\"wp-block-heading\"><span class=\"ez-toc-section\" id=\"O_MEI_que_tambem_e_CLT_tem_direito_a_seguro-desemprego_se_for_demitido_sem_justa_causa\"><\/span>O MEI que tamb\u00e9m \u00e9 CLT tem direito a seguro-desemprego se for demitido sem justa causa?<span class=\"ez-toc-section-end\"><\/span><\/h4>\n\n\n\n<p>Via de regra, sim. Basta que esse profissional se&nbsp;<strong>encaixe nos demais requisitos listados no programa do seguro-desemprego<\/strong>. Isso porque, como j\u00e1 adiantado, o que considera uma pessoa apta para receber o benef\u00edcio s\u00e3o as regras do pr\u00f3prio programa (listadas acima).<\/p>\n\n\n\n<p>O fato isolado de abrir um MEI n\u00e3o impede a pessoa de receber o aux\u00edlio \u2013 ela apenas deve ser compat\u00edvel com as regras do programa em si.<\/p>\n\n\n\n<figure class=\"wp-block-image aligncenter size-full\"><a href=\"https:\/\/sun.eduzz.com\/40QDAZ5QWB?utm_source=company-hero&amp;utm_campaign=freelapj&amp;utm_content=blog-company-hero\" target=\"_blank\" rel=\"noopener\"><img data-recalc-dims=\"1\" decoding=\"async\" width=\"800\" height=\"466\" src=\"https:\/\/i0.wp.com\/www.companyhero.com\/blog\/wp-content\/uploads\/2026\/01\/Comunicacao-organica-StaagePrancheta-1-copiar.jpg?resize=800%2C466&#038;ssl=1\" alt=\"\" class=\"wp-image-5113\" srcset=\"https:\/\/i0.wp.com\/www.companyhero.com\/blog\/wp-content\/uploads\/2026\/01\/Comunicacao-organica-StaagePrancheta-1-copiar.jpg?w=803&amp;ssl=1 803w, https:\/\/i0.wp.com\/www.companyhero.com\/blog\/wp-content\/uploads\/2026\/01\/Comunicacao-organica-StaagePrancheta-1-copiar.jpg?resize=300%2C175&amp;ssl=1 300w, https:\/\/i0.wp.com\/www.companyhero.com\/blog\/wp-content\/uploads\/2026\/01\/Comunicacao-organica-StaagePrancheta-1-copiar.jpg?resize=768%2C448&amp;ssl=1 768w\" sizes=\"(max-width: 800px) 100vw, 800px\" \/><\/a><\/figure>\n\n\n\n<h2 class=\"wp-block-heading\"><span class=\"ez-toc-section\" id=\"Beneficios_que_nao_sao_cancelados_apos_a_abertura_do_MEI\"><\/span>Benef\u00edcios que n\u00e3o s\u00e3o cancelados ap\u00f3s a abertura do MEI<span class=\"ez-toc-section-end\"><\/span><\/h2>\n\n\n\n<ul class=\"wp-block-list\">\n<li>Aposentadoria especial por insalubridade, idade ou por tempo de contribui\u00e7\u00e3o;<\/li>\n\n\n\n<li>Fundo de garantia por tempo de servi\u00e7o (FGTS);<\/li>\n\n\n\n<li>Programa de integra\u00e7\u00e3o social (PIS);<\/li>\n\n\n\n<li>Pens\u00e3o por falecimento do c\u00f4njuge\/filho;<\/li>\n\n\n\n<li>Pens\u00e3o por falecimento dos pais;<\/li>\n\n\n\n<li>Pens\u00e3o recebida por tutor de menor de idade, por morte do respons\u00e1vel.<\/li>\n<\/ul>\n\n\n\n<h2 class=\"wp-block-heading\"><span class=\"ez-toc-section\" id=\"MEI_recebe_seguro-desemprego\"><\/span>MEI recebe seguro-desemprego?<span class=\"ez-toc-section-end\"><\/span><\/h2>\n\n\n\n<p><a href=\"https:\/\/www.companyhero.com\/blog\/o-que-e-mei\">Um MEI<\/a> que \u00e9 apenas MEI e n\u00e3o trabalha como CLT&nbsp;<strong>n\u00e3o tem direito ao seguro-desemprego<\/strong>. Esse \u00e9 um direito para pessoas que possuem carteira assinada, e n\u00e3o para microempreendedores individuais.<\/p>\n\n\n\n<p>O MEI s\u00f3 recebe esse benef\u00edcio caso seja tamb\u00e9m trabalhador CLT (as duas ocupa\u00e7\u00f5es ao mesmo tempo).<\/p>\n\n\n\n<h2 class=\"wp-block-heading\"><span class=\"ez-toc-section\" id=\"Quais_beneficios_previdenciarios_o_MEI_tem_direito\"><\/span>Quais benef\u00edcios previdenci\u00e1rios o MEI tem direito?<span class=\"ez-toc-section-end\"><\/span><\/h2>\n\n\n\n<p>Agora que voc\u00ea j\u00e1 sabe quais benef\u00edcios s\u00e3o cancelados com a formaliza\u00e7\u00e3o e quais benef\u00edcios n\u00e3o s\u00e3o garantidos ao MEI, veja com quais assist\u00eancias o microempreendedor individual pode contar.<\/p>\n\n\n\n<p>O MEI \u00e9 obrigado a pagar um \u00fanico imposto mensal. Ao pagar esse tributo, chamado de DAS-MEI, o MEI est\u00e1 contribuindo para o INSS. \u00c9 por meio do pagamento desse imposto que o MEI garante alguns direitos previdenci\u00e1rios, como:<\/p>\n\n\n\n<ul class=\"wp-block-list\">\n<li>Aposentadoria programada (ou aposentadoria por idade);<\/li>\n\n\n\n<li>Aux\u00edlio por incapacidade tempor\u00e1ria (antigo aux\u00edlio-doen\u00e7a) e aposentadoria por incapacidade permanente (antiga aposentadoria por invalidez);<\/li>\n\n\n\n<li>Sal\u00e1rio-maternidade;<\/li>\n<\/ul>\n\n\n\n<p>Uma regra importante \u00e9 que existe um tempo m\u00ednimo de contribui\u00e7\u00e3o do imposto DAS-MEI para que o profissional tenha direito a esses benef\u00edcios citados. <\/p>\n\n\n\n<p>Ou seja, o MEI precisa contribuir com o INSS por um tempo para ter acesso \u00e0s assist\u00eancias. Cada benef\u00edcio tem um tempo m\u00ednimo: o aux\u00edlio-maternidade pede 10 meses de contribui\u00e7\u00e3o, j\u00e1 o aux\u00edlio doen\u00e7a pede 12 meses \u2013 confira o&nbsp;<a href=\"https:\/\/www.gov.br\/empresas-e-negocios\/pt-br\/empreendedor\/perguntas-frequentes\/previdencia-social\/quem-e-mei-tem-direito\" target=\"_blank\" rel=\"noopener\">per\u00edodo de cada um aqui<\/a>.<\/p>\n\n\n\n<p>Vale ressaltar que a garantia desses benef\u00edcios est\u00e1 diretamente ligada ao pagamento do imposto, o DAS-MEI. Se o MEI ficar mais de 12 meses sem pagar o tributo, pode perder o direito \u00e0s assist\u00eancias.<\/p>\n\n\n\n<p>Agora que voc\u00ea entende como o pagamento do DAS-MEI garante seus direitos, que tal come\u00e7ar a formalizar o seu CNPJ MEI de forma r\u00e1pida e sem custos?<\/p>\n\n\n\n<p>Com o app PJ Hero, voc\u00ea pode abrir o seu MEI em menos de 10 minutos, com todo o suporte que voc\u00ea precisa, e o melhor: de gra\u00e7a!<\/p>\n\n\n\n<p>Clique no banner abaixo para abrir o seu MEI agora mesmo e garantir todos os benef\u00edcios previdenci\u00e1rios para o seu futuro! \ud83d\ude80<\/p>\n\n\n\n<figure class=\"wp-block-image size-large\"><a href=\"https:\/\/go.companyhero.com\/banner-blog-abertura-mei-app-download-versao-2\" target=\"_blank\" rel=\"noreferrer noopener\"><img data-recalc-dims=\"1\" decoding=\"async\" width=\"800\" height=\"266\" src=\"https:\/\/i0.wp.com\/www.companyhero.com\/blog\/wp-content\/uploads\/2024\/09\/Banners-Plano-NAU-pt1BLOG-Features-App-gatilho-facilidade_2.jpg?resize=800%2C266&#038;ssl=1\" alt=\"\" class=\"wp-image-3592\" srcset=\"https:\/\/i0.wp.com\/www.companyhero.com\/blog\/wp-content\/uploads\/2024\/09\/Banners-Plano-NAU-pt1BLOG-Features-App-gatilho-facilidade_2.jpg?resize=1024%2C341&amp;ssl=1 1024w, https:\/\/i0.wp.com\/www.companyhero.com\/blog\/wp-content\/uploads\/2024\/09\/Banners-Plano-NAU-pt1BLOG-Features-App-gatilho-facilidade_2.jpg?resize=300%2C100&amp;ssl=1 300w, https:\/\/i0.wp.com\/www.companyhero.com\/blog\/wp-content\/uploads\/2024\/09\/Banners-Plano-NAU-pt1BLOG-Features-App-gatilho-facilidade_2.jpg?resize=768%2C256&amp;ssl=1 768w, https:\/\/i0.wp.com\/www.companyhero.com\/blog\/wp-content\/uploads\/2024\/09\/Banners-Plano-NAU-pt1BLOG-Features-App-gatilho-facilidade_2.jpg?w=1200&amp;ssl=1 1200w\" sizes=\"(max-width: 800px) 100vw, 800px\" \/><\/a><\/figure>\n","protected":false},"excerpt":{"rendered":"<p>Saiba as regras para cada benef\u00edcio do governo: Bolsa Fam\u00edlia, aposentadoria, aux\u00edlio-doen\u00e7a\u2026 Veja tamb\u00e9m se o MEI pode receber seguro-desemprego!<\/p>\n","protected":false},"author":2,"featured_media":2515,"comment_status":"open","ping_status":"open","sticky":false,"template":"","format":"standard","meta":{"content-type":"","footnotes":""},"categories":[32,57,61],"tags":[],"class_list":["post-2514","post","type-post","status-publish","format-standard","has-post-thumbnail","hentry","category-gestao-de-cnpj","category-beneficios-para-pjs","category-mei"],"_links":{"self":[{"href":"https:\/\/www.companyhero.com\/blog\/wp-json\/wp\/v2\/posts\/2514","targetHints":{"allow":["GET"]}}],"collection":[{"href":"https:\/\/www.companyhero.com\/blog\/wp-json\/wp\/v2\/posts"}],"about":[{"href":"https:\/\/www.companyhero.com\/blog\/wp-json\/wp\/v2\/types\/post"}],"author":[{"embeddable":true,"href":"https:\/\/www.companyhero.com\/blog\/wp-json\/wp\/v2\/users\/2"}],"replies":[{"embeddable":true,"href":"https:\/\/www.companyhero.com\/blog\/wp-json\/wp\/v2\/comments?post=2514"}],"version-history":[{"count":5,"href":"https:\/\/www.companyhero.com\/blog\/wp-json\/wp\/v2\/posts\/2514\/revisions"}],"predecessor-version":[{"id":5152,"href":"https:\/\/www.companyhero.com\/blog\/wp-json\/wp\/v2\/posts\/2514\/revisions\/5152"}],"wp:featuredmedia":[{"embeddable":true,"href":"https:\/\/www.companyhero.com\/blog\/wp-json\/wp\/v2\/media\/2515"}],"wp:attachment":[{"href":"https:\/\/www.companyhero.com\/blog\/wp-json\/wp\/v2\/media?parent=2514"}],"wp:term":[{"taxonomy":"category","embeddable":true,"href":"https:\/\/www.companyhero.com\/blog\/wp-json\/wp\/v2\/categories?post=2514"},{"taxonomy":"post_tag","embeddable":true,"href":"https:\/\/www.companyhero.com\/blog\/wp-json\/wp\/v2\/tags?post=2514"}],"curies":[{"name":"wp","href":"https:\/\/api.w.org\/{rel}","templated":true}]}}